{"id":4412,"global_id":"artpagony.hu\/wordpress?id=4412","global_id_lineage":["artpagony.hu\/wordpress?id=4412"],"author":"3","status":"publish","date":"2025-11-30 11:52:56","date_utc":"2025-11-30 10:52:56","modified":"2025-11-30 11:52:56","modified_utc":"2025-11-30 10:52:56","url":"http:\/\/artpagony.hu\/wordpress\/?tribe_events=2025-december-5-onkepzokori-foglalkozas","rest_url":"http:\/\/artpagony.hu\/wordpress\/index.php?rest_route=\/tribe\/events\/v1\/events\/4412","title":"2025. december 5. \u00d6nk\u00e9pz\u0151k\u00f6ri foglalkoz\u00e1s","description":"<p>Wolfgang von Goeth\u00e9r\u0151l (1749-1832), emberi kapcsolatair\u00f3l, a Faustr\u00f3l, az 1800-as \u00e9vek t\u00e1rsadalmi \u00e9let\u00e9r\u0151l, Lisztr\u0151l oszt meg gondolatokat N\u00e9meth Katalin bemutat\u00f3ja kapcs\u00e1n.<\/p>\n<p>&#8220;<span dir=\"auto\">Goethe az egyetlen n\u00e9met irodalmi alak, akinek a hat\u00f3k\u00f6re \u00e9s nemzetk\u00f6zi elismerts\u00e9ge vetekszik\u00a0<\/span><a class=\"md-crosslink autoxref \" href=\"https:\/\/www.britannica.com\/place\/Germany\" data-show-preview=\"true\"><span dir=\"auto\">N\u00e9metorsz\u00e1g<\/span><\/a><span dir=\"auto\">\u00a0legkiv\u00e1l\u00f3bb filoz\u00f3fusaival (akik gyakran mer\u00edtettek m\u0171veib\u0151l \u00e9s gondolataib\u00f3l) \u00e9s zeneszerz\u0151ivel (akik gyakran zen\u00e9s\u00edtett\u00e9k meg m\u0171veit). A n\u00e9met ajk\u00fa orsz\u00e1gok irodalmi kult\u00far\u00e1j\u00e1ban\u00a0<\/span><a class=\"md-dictionary-link md-dictionary-tt-off mw\" href=\"https:\/\/www.merriam-webster.com\/dictionary\/culture\" data-term=\"culture\" data-type=\"MW\"><span dir=\"auto\">olyan<\/span><\/a><span dir=\"auto\">\u00a0domin\u00e1ns poz\u00edci\u00f3val rendelkezett, hogy a 18. sz\u00e1zad v\u00e9ge \u00f3ta m\u0171veit \u201eklasszikusnak\u201d nevezik. Eur\u00f3pai perspekt\u00edv\u00e1b\u00f3l a t\u00e1g \u00e9rtelemben\u00a0<\/span><a class=\"md-crosslink \" href=\"https:\/\/www.britannica.com\/art\/Romanticism\" data-show-preview=\"true\"><span dir=\"auto\">vett romantikus mozgalom<\/span><\/a><span dir=\"auto\"> k\u00f6zponti \u00e9s fel\u00fclm\u00falhatatlan k\u00e9pvisel\u0151jek\u00e9nt jelenik meg .&#8221; https:\/\/www.britannica.com\/biography\/Johann-Wolfgang-von-Goethe<\/span><\/p>\n<p>&nbsp;<\/p>","excerpt":"","slug":"2025-december-5-onkepzokori-foglalkozas","image":false,"all_day":false,"start_date":"2025-12-05 14:00:00","start_date_details":{"year":"2025","month":"12","day":"05","hour":"14","minutes":"00","seconds":"00"},"end_date":"2025-12-05 14:00:00","end_date_details":{"year":"2025","month":"12","day":"05","hour":"14","minutes":"00","seconds":"00"},"utc_start_date":"2025-12-05 13:00:00","utc_start_date_details":{"year":"2025","month":"12","day":"05","hour":"13","minutes":"00","seconds":"00"},"utc_end_date":"2025-12-05 13:00:00","utc_end_date_details":{"year":"2025","month":"12","day":"05","hour":"13","minutes":"00","seconds":"00"},"timezone":"Europe\/Budapest","timezone_abbr":"CET","cost":"","cost_details":{"currency_symbol":"$","currency_code":"USD","currency_position":"prefix","values":[]},"website":"","show_map":true,"show_map_link":true,"hide_from_listings":false,"sticky":false,"featured":false,"categories":[],"tags":[{"name":"romantika","slug":"romantika","term_group":0,"term_taxonomy_id":191,"taxonomy":"post_tag","description":"","parent":0,"count":43,"filter":"raw","id":191,"urls":{"self":"http:\/\/artpagony.hu\/wordpress\/index.php?rest_route=\/tribe\/events\/v1\/tags\/191","collection":"http:\/\/artpagony.hu\/wordpress\/index.php?rest_route=\/tribe\/events\/v1\/tags"}},{"name":"Wolfgang von Goethe","slug":"wolfgang-von-goethe","term_group":0,"term_taxonomy_id":375,"taxonomy":"post_tag","description":"","parent":0,"count":2,"filter":"raw","id":375,"urls":{"self":"http:\/\/artpagony.hu\/wordpress\/index.php?rest_route=\/tribe\/events\/v1\/tags\/375","collection":"http:\/\/artpagony.hu\/wordpress\/index.php?rest_route=\/tribe\/events\/v1\/tags"}}],"venue":{"id":375,"author":"2","status":"publish","date":"2022-11-02 17:34:58","date_utc":"2022-11-02 17:34:58","modified":"2022-11-02 17:34:58","modified_utc":"2022-11-02 17:34:58","url":"http:\/\/artpagony.hu\/wordpress\/?tribe_venue=nemeth-laszlo-varosi-konyvtar","venue":"N\u00e9meth L\u00e1szl\u00f3 v\u00e1rosi k\u00f6nyvt\u00e1r","slug":"nemeth-laszlo-varosi-konyvtar","address":"Andr\u00e1ssy u. 44","city":"H\u00f3dmez\u0151v\u00e1s\u00e1rhely","zip":"6800","json_ld":{"@type":"Place","name":"N\u00e9meth L\u00e1szl\u00f3 v\u00e1rosi k\u00f6nyvt\u00e1r","description":"","url":"","address":{"@type":"PostalAddress","streetAddress":"Andr\u00e1ssy u. 44","addressLocality":"H\u00f3dmez\u0151v\u00e1s\u00e1rhely","postalCode":"6800"},"telephone":"","sameAs":""},"show_map":true,"show_map_link":true,"global_id":"artpagony.hu\/wordpress?id=375","global_id_lineage":["artpagony.hu\/wordpress?id=375"]},"organizer":[{"id":450,"author":"2","status":"publish","date":"2022-11-30 18:04:03","date_utc":"2022-11-30 17:04:03","modified":"2022-11-30 18:04:03","modified_utc":"2022-11-30 17:04:03","url":"http:\/\/artpagony.hu\/wordpress\/?tribe_organizer=art-pagony","organizer":"Art.Pagony","slug":"art-pagony","json_ld":{"@type":"Person","name":"Art.Pagony","description":"","url":"","telephone":"","email":"","sameAs":""},"global_id":"artpagony.hu\/wordpress?id=450","global_id_lineage":["artpagony.hu\/wordpress?id=450"]}],"custom_fields":[],"json_ld":{"@context":"http:\/\/schema.org","@type":"Event","name":"2025. december 5. \u00d6nk\u00e9pz\u0151k\u00f6ri foglalkoz\u00e1s","description":"&lt;p&gt;Wolfgang von Goeth\u00e9r\u0151l (1749-1832), emberi kapcsolatair\u00f3l, a Faustr\u00f3l, az 1800-as \u00e9vek t\u00e1rsadalmi \u00e9let\u00e9r\u0151l, Lisztr\u0151l oszt meg gondolatokat N\u00e9meth Katalin bemutat\u00f3ja kapcs\u00e1n. &quot;Goethe az egyetlen n\u00e9met irodalmi alak, akinek a hat\u00f3k\u00f6re \u00e9s nemzetk\u00f6zi elismerts\u00e9ge vetekszik\u00a0N\u00e9metorsz\u00e1g\u00a0legkiv\u00e1l\u00f3bb filoz\u00f3fusaival (akik gyakran mer\u00edtettek m\u0171veib\u0151l \u00e9s &hellip; &lt;a href=&quot;http:\/\/artpagony.hu\/wordpress\/?tribe_events=2025-december-5-onkepzokori-foglalkozas&quot;&gt;Egy kattint\u00e1s ide a folytat\u00e1shoz.... &lt;span class=&quot;meta-nav&quot;&gt;&rarr;&lt;\/span&gt;&lt;\/a&gt;&lt;\/p&gt;\\n","url":"http:\/\/artpagony.hu\/wordpress\/?tribe_events=2025-december-5-onkepzokori-foglalkozas","eventAttendanceMode":"https:\/\/schema.org\/OfflineEventAttendanceMode","eventStatus":"https:\/\/schema.org\/EventScheduled","startDate":"2025-12-05T14:00:00+01:00","endDate":"2025-12-05T14:00:00+01:00","location":{"@type":"Place","name":"N\u00e9meth L\u00e1szl\u00f3 v\u00e1rosi k\u00f6nyvt\u00e1r","description":"","url":"","address":{"@type":"PostalAddress","streetAddress":"Andr\u00e1ssy u. 44","addressLocality":"H\u00f3dmez\u0151v\u00e1s\u00e1rhely","postalCode":"6800"},"telephone":"","sameAs":""},"organizer":{"@type":"Person","name":"Art.Pagony","description":"","url":"","telephone":"","email":"","sameAs":""},"performer":"Organization"}}