{"id":5090,"global_id":"artpagony.hu\/wordpress?id=5090","global_id_lineage":["artpagony.hu\/wordpress?id=5090"],"author":"3","status":"publish","date":"2026-08-31 12:53:17","date_utc":"2026-08-31 10:53:17","modified":"2026-08-31 12:53:17","modified_utc":"2026-08-31 10:53:17","url":"http:\/\/artpagony.hu\/wordpress\/?tribe_events=2026-szeptember-4-onkepzokori-foglalkozas-magyar-tortenelmi-festeszet-a-19-szazadban","rest_url":"http:\/\/artpagony.hu\/wordpress\/index.php?rest_route=\/tribe\/events\/v1\/events\/5090","title":"2026. szeptember 4. \u00d6nk\u00e9pz\u0151k\u00f6ri foglalkoz\u00e1s Magyar t\u00f6rt\u00e9nelmi fest\u00e9szet a 19. sz\u00e1zadban","description":"<p>Magyar t\u00f6rt\u00e9nelmi fest\u00e9szet a 19. sz\u00e1zadban c\u00edmmel tart kisel\u0151ad\u00e1st <strong>Szil\u00e1gyi Kl\u00e1ra.<br \/>\n<\/strong>A t\u00f6rt\u00e9nelmi fest\u00e9szet, b\u00e1r eredete a XVIII. sz\u00e1zad v\u00e9g\u00e9re ny\u00falik vissza, igazi vir\u00e1gkor\u00e1t Magyarorsz\u00e1gon a XIX. sz\u00e1zad m\u00e1sodik fel\u00e9ben \u00e9li, a szabads\u00e1gharc lever\u00e9s\u00e9t k\u00f6vet\u0151 \u00e9vtizedekben v\u00e1lik a nemzeti ellen\u00e1ll\u00e1s egyik fontos \u00e9s hat\u00e1sos seg\u00edt\u0151j\u00e9v\u00e9. Nem titkolt sz\u00e1nd\u00e9ka, hogy a k\u00f6zv\u00e9lem\u00e9nyt \u00e9rzelmi eszk\u00f6z\u00f6kkel befoly\u00e1solja \u00e9s ez\u00e1ltal igen fontos szerepe van a nemzeti tudat kialak\u00edt\u00e1s\u00e1ban, form\u00e1l\u00e1s\u00e1ban.<\/p>\n<p><img loading=\"lazy\" decoding=\"async\" class=\"alignnone size-medium wp-image-5093\" src=\"http:\/\/artpagony.hu\/wordpress\/wp-content\/uploads\/2026\/08\/Zrinyi-300x224.png\" alt=\"\" width=\"300\" height=\"224\" srcset=\"http:\/\/artpagony.hu\/wordpress\/wp-content\/uploads\/2026\/08\/Zrinyi-300x224.png 300w, http:\/\/artpagony.hu\/wordpress\/wp-content\/uploads\/2026\/08\/Zrinyi-1024x766.png 1024w, http:\/\/artpagony.hu\/wordpress\/wp-content\/uploads\/2026\/08\/Zrinyi-768x574.png 768w, http:\/\/artpagony.hu\/wordpress\/wp-content\/uploads\/2026\/08\/Zrinyi-401x300.png 401w, http:\/\/artpagony.hu\/wordpress\/wp-content\/uploads\/2026\/08\/Zrinyi.png 1027w\" sizes=\"auto, (max-width: 300px) 100vw, 300px\" \/><\/p>\n<p>&nbsp;<\/p>\n<p>&nbsp;<\/p>","excerpt":"","slug":"2026-szeptember-4-onkepzokori-foglalkozas-magyar-tortenelmi-festeszet-a-19-szazadban","image":false,"all_day":false,"start_date":"2026-09-04 14:00:00","start_date_details":{"year":"2026","month":"09","day":"04","hour":"14","minutes":"00","seconds":"00"},"end_date":"2026-09-04 15:30:00","end_date_details":{"year":"2026","month":"09","day":"04","hour":"15","minutes":"30","seconds":"00"},"utc_start_date":"2026-09-04 12:00:00","utc_start_date_details":{"year":"2026","month":"09","day":"04","hour":"12","minutes":"00","seconds":"00"},"utc_end_date":"2026-09-04 13:30:00","utc_end_date_details":{"year":"2026","month":"09","day":"04","hour":"13","minutes":"30","seconds":"00"},"timezone":"Europe\/Budapest","timezone_abbr":"CEST","cost":"","cost_details":{"currency_symbol":"$","currency_code":"USD","currency_position":"prefix","values":[]},"website":"","show_map":true,"show_map_link":true,"hide_from_listings":false,"sticky":false,"featured":false,"categories":[],"tags":[{"name":"19.sz. fest\u00e9szete","slug":"19-sz-festeszete","term_group":0,"term_taxonomy_id":391,"taxonomy":"post_tag","description":"","parent":0,"count":6,"filter":"raw","id":391,"urls":{"self":"http:\/\/artpagony.hu\/wordpress\/index.php?rest_route=\/tribe\/events\/v1\/tags\/391","collection":"http:\/\/artpagony.hu\/wordpress\/index.php?rest_route=\/tribe\/events\/v1\/tags"}},{"name":"magyar","slug":"magyar","term_group":0,"term_taxonomy_id":81,"taxonomy":"post_tag","description":"","parent":0,"count":5,"filter":"raw","id":81,"urls":{"self":"http:\/\/artpagony.hu\/wordpress\/index.php?rest_route=\/tribe\/events\/v1\/tags\/81","collection":"http:\/\/artpagony.hu\/wordpress\/index.php?rest_route=\/tribe\/events\/v1\/tags"}}],"venue":{"id":375,"author":"2","status":"publish","date":"2022-11-02 17:34:58","date_utc":"2022-11-02 17:34:58","modified":"2022-11-02 17:34:58","modified_utc":"2022-11-02 17:34:58","url":"http:\/\/artpagony.hu\/wordpress\/?tribe_venue=nemeth-laszlo-varosi-konyvtar","venue":"N\u00e9meth L\u00e1szl\u00f3 v\u00e1rosi k\u00f6nyvt\u00e1r","slug":"nemeth-laszlo-varosi-konyvtar","address":"Andr\u00e1ssy u. 44","city":"H\u00f3dmez\u0151v\u00e1s\u00e1rhely","zip":"6800","json_ld":{"@type":"Place","name":"N\u00e9meth L\u00e1szl\u00f3 v\u00e1rosi k\u00f6nyvt\u00e1r","description":"","url":"","address":{"@type":"PostalAddress","streetAddress":"Andr\u00e1ssy u. 44","addressLocality":"H\u00f3dmez\u0151v\u00e1s\u00e1rhely","postalCode":"6800"},"telephone":"","sameAs":""},"show_map":true,"show_map_link":true,"global_id":"artpagony.hu\/wordpress?id=375","global_id_lineage":["artpagony.hu\/wordpress?id=375"]},"organizer":[{"id":450,"author":"2","status":"publish","date":"2022-11-30 18:04:03","date_utc":"2022-11-30 17:04:03","modified":"2022-11-30 18:04:03","modified_utc":"2022-11-30 17:04:03","url":"http:\/\/artpagony.hu\/wordpress\/?tribe_organizer=art-pagony","organizer":"Art.Pagony","slug":"art-pagony","json_ld":{"@type":"Person","name":"Art.Pagony","description":"","url":"","telephone":"","email":"","sameAs":""},"global_id":"artpagony.hu\/wordpress?id=450","global_id_lineage":["artpagony.hu\/wordpress?id=450"]}],"custom_fields":[],"json_ld":{"@context":"http:\/\/schema.org","@type":"Event","name":"2026. szeptember 4. \u00d6nk\u00e9pz\u0151k\u00f6ri foglalkoz\u00e1s Magyar t\u00f6rt\u00e9nelmi fest\u00e9szet a 19. sz\u00e1zadban","description":"&lt;p&gt;Magyar t\u00f6rt\u00e9nelmi fest\u00e9szet a 19. sz\u00e1zadban c\u00edmmel tart kisel\u0151ad\u00e1st Szil\u00e1gyi Kl\u00e1ra. A t\u00f6rt\u00e9nelmi fest\u00e9szet, b\u00e1r eredete a XVIII. sz\u00e1zad v\u00e9g\u00e9re ny\u00falik vissza, igazi vir\u00e1gkor\u00e1t Magyarorsz\u00e1gon a XIX. sz\u00e1zad m\u00e1sodik fel\u00e9ben \u00e9li, a szabads\u00e1gharc lever\u00e9s\u00e9t k\u00f6vet\u0151 \u00e9vtizedekben v\u00e1lik a nemzeti ellen\u00e1ll\u00e1s &hellip; &lt;a href=&quot;http:\/\/artpagony.hu\/wordpress\/?tribe_events=2026-szeptember-4-onkepzokori-foglalkozas-magyar-tortenelmi-festeszet-a-19-szazadban&quot;&gt;Egy kattint\u00e1s ide a folytat\u00e1shoz.... &lt;span class=&quot;meta-nav&quot;&gt;&rarr;&lt;\/span&gt;&lt;\/a&gt;&lt;\/p&gt;\\n","url":"http:\/\/artpagony.hu\/wordpress\/?tribe_events=2026-szeptember-4-onkepzokori-foglalkozas-magyar-tortenelmi-festeszet-a-19-szazadban","eventAttendanceMode":"https:\/\/schema.org\/OfflineEventAttendanceMode","eventStatus":"https:\/\/schema.org\/EventScheduled","startDate":"2026-09-04T14:00:00+02:00","endDate":"2026-09-04T15:30:00+02:00","location":{"@type":"Place","name":"N\u00e9meth L\u00e1szl\u00f3 v\u00e1rosi k\u00f6nyvt\u00e1r","description":"","url":"","address":{"@type":"PostalAddress","streetAddress":"Andr\u00e1ssy u. 44","addressLocality":"H\u00f3dmez\u0151v\u00e1s\u00e1rhely","postalCode":"6800"},"telephone":"","sameAs":""},"organizer":{"@type":"Person","name":"Art.Pagony","description":"","url":"","telephone":"","email":"","sameAs":""},"performer":"Organization"}}