{"id":3142,"date":"2024-10-31T10:18:36","date_gmt":"2024-10-31T09:18:36","guid":{"rendered":"http:\/\/muvtkorhmv.x3.hu\/wordpress\/?p=3142"},"modified":"2024-10-31T10:31:32","modified_gmt":"2024-10-31T09:31:32","slug":"2024-oktober-30-szerda-onkepzokori-foglalkozas-nyilt-foglalkozas-foprobaja","status":"publish","type":"post","link":"http:\/\/artpagony.hu\/wordpress\/?p=3142","title":{"rendered":"2024 okt\u00f3ber 30 szerda \u00d6nk\u00e9pz\u0151k\u00f6ri foglalkoz\u00e1s Ny\u00edlt foglalkoz\u00e1s f\u0151pr\u00f3b\u00e1ja"},"content":{"rendered":"<p><strong>Cserj\u00e9s Katalin:<\/strong><\/p>\n<p>Az \u00e9vi <em>Pagony<\/em>-f\u0151pr\u00f3ba napja, k\u00e9sz\u00fcl\u00fcnk a szokott-, s helyi k\u00f6z\u00f6ns\u00e9g\u00fcnk r\u00e9sz\u00e9r\u0151l m\u00e1r el is v\u00e1rt <em>Ny\u00edlt Nap<\/em>ra, m\u00e9ghozz\u00e1 n\u00e9mileg r\u00f6vid\u00edtett, \u201efogyaszthat\u00f3bb\u201d, azaz kev\u00e9sb\u00e9 hossz\u00fa, kev\u00e9sb\u00e9 f\u00e1raszt\u00f3 form\u00e1ban, mint eddig;<!--more--><\/p>\n<p>de kor\u00e1ntsem alacsonyabb szinten \u2013 erre l\u00e1ttunk p\u00e9ld\u00e1t a mai f\u0151pr\u00f3b\u00e1n: Ormos Zsuzsink (kinek jelenl\u00e9t\u00e9t, el\u0151ad\u00f3i kedv\u00e9t k\u00fcl\u00f6n is nagyon k\u00f6sz\u00f6nj\u00fck), Haranghyn\u00e9 Ancika, N\u00e9meth Kati, Szil\u00e1gyi Kl\u00e1ra \u00e9s Forrai Erzsike bemutat\u00f3i igen \u00e9rdekesek, felk\u00e9sz\u00fcltek, komolyak, szakszer\u0171ek \u00e9s k\u00e9pgazdagok voltak \u2013 val\u00f3ban sokat lehet bel\u0151l\u00fck tanulni, tartalmaikat meg\u00e9rteni: mind a prezent\u00e1ci\u00f3k, mind a sz\u00f6vegek meg\u00e1llj\u00e1k a pr\u00f3b\u00e1t, hisz ma a <em>Pagony<\/em> szeretve-kritikus tekintete \u00e9s k\u00edv\u00e1ncsi f\u00fclei el\u0151tt \u00e1llt\u00e1k a sarat e f\u0151pr\u00f3bai bemutat\u00f3k\u2026<\/p>\n<p>&nbsp;<\/p>\n<p>Nem is besz\u00e9lve a mi \u00f6r\u00f6k, h\u0171s\u00e9ges seg\u00edt\u0151nkr\u0151l, K\u00f6nyvt\u00e1ros Csab\u00e1r\u00f3l, aki mindig, \u201e<em>minden k\u00f6r\u00fclm\u00e9nyben<\/em>\u201d szeret\u0151 tisztelettel \u00e1ll rendelkez\u00e9s\u00fcnkre fell\u00e9p\u00e9seink technikai r\u00e9sz\u00e9t illet\u0151en\u2026<\/p>\n<p>&nbsp;<\/p>\n<p>\u00c9lvezetes, &#8212; f\u00e1raszt\u00f3 &#8211;, de sokat \u00e9r\u0151, tan\u00edt\u00f3-tanul\u00f3 alkalom volt e hossz\u00fa mai \u201esze\u00e1nsz\u201d, \u00e9s rem\u00e9lj\u00fck nagyon, h\u00e9tf\u0151n m\u00e9g e mai szintet is fel\u00fclm\u00faljuk \u2013 lesz ki\u00e1ll\u00edt\u00e1s is, lesz zene N\u00e9meth Kati m\u0171sorsz\u00e1ma r\u00e9v\u00e9n\u2026 lesz s\u00fcti, Cola &#8212;<\/p>\n<p>&nbsp;<\/p>\n<p>\u00e9s, azt rem\u00e9lj\u00fck: lesz <strong>nagy-hatalmas sz\u00e1m\u00fa meg\u00e9rt\u0151, szeret\u0151 k\u00f6z\u00f6ns\u00e9g\u00fcnk is<\/strong>, akik \u00e9vek \u00f3ta k\u00f6vetnek \u00e9s kedvelnek benn\u00fcnket, szeretve-k\u00edv\u00e1ncsi f\u00fclekkel hallgatnak benn\u00fcnket, a <em>Pagony <\/em>nem \u00e9pp fiatal lak\u00f3it \u2013 eset\u00fcnkben most: a <strong>magyar klasszicizmus epiz\u00f3djaib\u00f3l\u2026<\/strong><\/p>\n<p><img loading=\"lazy\" decoding=\"async\" class=\"alignnone size-medium wp-image-3141\" src=\"http:\/\/muvtkorhmv.x3.hu\/wordpress\/wp-content\/uploads\/2024\/10\/0fc46828-6b6d-47d1-9877-d1abe6a8abb0-300x225.jpg\" alt=\"\" width=\"300\" height=\"225\" srcset=\"http:\/\/artpagony.hu\/wordpress\/wp-content\/uploads\/2024\/10\/0fc46828-6b6d-47d1-9877-d1abe6a8abb0-300x225.jpg 300w, http:\/\/artpagony.hu\/wordpress\/wp-content\/uploads\/2024\/10\/0fc46828-6b6d-47d1-9877-d1abe6a8abb0-1024x768.jpg 1024w, http:\/\/artpagony.hu\/wordpress\/wp-content\/uploads\/2024\/10\/0fc46828-6b6d-47d1-9877-d1abe6a8abb0-768x576.jpg 768w, http:\/\/artpagony.hu\/wordpress\/wp-content\/uploads\/2024\/10\/0fc46828-6b6d-47d1-9877-d1abe6a8abb0-1536x1152.jpg 1536w, http:\/\/artpagony.hu\/wordpress\/wp-content\/uploads\/2024\/10\/0fc46828-6b6d-47d1-9877-d1abe6a8abb0-400x300.jpg 400w, http:\/\/artpagony.hu\/wordpress\/wp-content\/uploads\/2024\/10\/0fc46828-6b6d-47d1-9877-d1abe6a8abb0.jpg 2048w\" sizes=\"auto, (max-width: 300px) 100vw, 300px\" \/><\/p>\n","protected":false},"excerpt":{"rendered":"<p>Cserj\u00e9s Katalin: Az \u00e9vi Pagony-f\u0151pr\u00f3ba napja, k\u00e9sz\u00fcl\u00fcnk a szokott-, s helyi k\u00f6z\u00f6ns\u00e9g\u00fcnk r\u00e9sz\u00e9r\u0151l m\u00e1r el is v\u00e1rt Ny\u00edlt Napra, m\u00e9ghozz\u00e1 n\u00e9mileg r\u00f6vid\u00edtett, \u201efogyaszthat\u00f3bb\u201d, azaz kev\u00e9sb\u00e9 hossz\u00fa, kev\u00e9sb\u00e9 f\u00e1raszt\u00f3 form\u00e1ban, mint eddig;<\/p>\n","protected":false},"author":3,"featured_media":0,"comment_status":"closed","ping_status":"closed","sticky":false,"template":"","format":"standard","meta":{"footnotes":""},"categories":[1],"tags":[23,30,166,238,151],"class_list":["post-3142","post","type-post","status-publish","format-standard","hentry","category-egyeb","tag-epiteszet","tag-festeszet","tag-kismuveszetek","tag-magyar-klaszicizmus","tag-szobraszat"],"_links":{"self":[{"href":"http:\/\/artpagony.hu\/wordpress\/index.php?rest_route=\/wp\/v2\/posts\/3142","targetHints":{"allow":["GET"]}}],"collection":[{"href":"http:\/\/artpagony.hu\/wordpress\/index.php?rest_route=\/wp\/v2\/posts"}],"about":[{"href":"http:\/\/artpagony.hu\/wordpress\/index.php?rest_route=\/wp\/v2\/types\/post"}],"author":[{"embeddable":true,"href":"http:\/\/artpagony.hu\/wordpress\/index.php?rest_route=\/wp\/v2\/users\/3"}],"replies":[{"embeddable":true,"href":"http:\/\/artpagony.hu\/wordpress\/index.php?rest_route=%2Fwp%2Fv2%2Fcomments&post=3142"}],"version-history":[{"count":2,"href":"http:\/\/artpagony.hu\/wordpress\/index.php?rest_route=\/wp\/v2\/posts\/3142\/revisions"}],"predecessor-version":[{"id":3144,"href":"http:\/\/artpagony.hu\/wordpress\/index.php?rest_route=\/wp\/v2\/posts\/3142\/revisions\/3144"}],"wp:attachment":[{"href":"http:\/\/artpagony.hu\/wordpress\/index.php?rest_route=%2Fwp%2Fv2%2Fmedia&parent=3142"}],"wp:term":[{"taxonomy":"category","embeddable":true,"href":"http:\/\/artpagony.hu\/wordpress\/index.php?rest_route=%2Fwp%2Fv2%2Fcategories&post=3142"},{"taxonomy":"post_tag","embeddable":true,"href":"http:\/\/artpagony.hu\/wordpress\/index.php?rest_route=%2Fwp%2Fv2%2Ftags&post=3142"}],"curies":[{"name":"wp","href":"https:\/\/api.w.org\/{rel}","templated":true}]}}