{"id":4420,"date":"2025-12-07T12:13:20","date_gmt":"2025-12-07T11:13:20","guid":{"rendered":"http:\/\/artpagony.hu\/wordpress\/?p=4420"},"modified":"2025-12-07T12:13:20","modified_gmt":"2025-12-07T11:13:20","slug":"2025-december-5-onkepzokori-foglalkozas-goethe","status":"publish","type":"post","link":"http:\/\/artpagony.hu\/wordpress\/?p=4420","title":{"rendered":"2025. december 5. \u00d6nk\u00e9pz\u0151k\u00f6ri foglalkoz\u00e1s Goethe"},"content":{"rendered":"<p>Az irodalom, a k\u00e9pz\u0151m\u0171v\u00e9szet, \u00e9s a zene \u00f6sszekapcsol\u00e1s\u00e1val hallhattunk, l\u00e1thattunk \u00e9rdekes bemutat\u00f3t N\u00e9meth Katalin kis el\u0151ad\u00e1s\u00e1ban, sokoldal\u00fa \u00e9rdekl\u0151d\u00e9s\u00e9nek, k\u00edv\u00e1ncsis\u00e1g\u00e1nak \u00e9s keres\u00e9seinek k\u00f6sz\u00f6nhet\u0151en.<\/p>\n<p><a href=\"http:\/\/artpagony.hu\/wordpress\/wp-content\/uploads\/2025\/12\/Goethe-rol-lazan-Nemeth-Katalin.pptx\">Goethe-r\u0151l (laz\u00e1n) N\u00e9meth Katalin<\/a><\/p>\n<p><img loading=\"lazy\" decoding=\"async\" class=\"alignnone wp-image-4417\" src=\"http:\/\/artpagony.hu\/wordpress\/wp-content\/uploads\/2025\/12\/20251205_142811-300x300.jpg\" alt=\"\" width=\"220\" height=\"220\" srcset=\"http:\/\/artpagony.hu\/wordpress\/wp-content\/uploads\/2025\/12\/20251205_142811-300x300.jpg 300w, http:\/\/artpagony.hu\/wordpress\/wp-content\/uploads\/2025\/12\/20251205_142811-1024x1024.jpg 1024w, http:\/\/artpagony.hu\/wordpress\/wp-content\/uploads\/2025\/12\/20251205_142811-150x150.jpg 150w, http:\/\/artpagony.hu\/wordpress\/wp-content\/uploads\/2025\/12\/20251205_142811-768x768.jpg 768w, http:\/\/artpagony.hu\/wordpress\/wp-content\/uploads\/2025\/12\/20251205_142811-1536x1536.jpg 1536w, http:\/\/artpagony.hu\/wordpress\/wp-content\/uploads\/2025\/12\/20251205_142811-2048x2048.jpg 2048w\" sizes=\"auto, (max-width: 220px) 100vw, 220px\" \/><img loading=\"lazy\" decoding=\"async\" class=\"alignnone size-medium wp-image-4419\" src=\"http:\/\/artpagony.hu\/wordpress\/wp-content\/uploads\/2025\/12\/20251205_141929-225x300.jpg\" alt=\"\" width=\"225\" height=\"300\" srcset=\"http:\/\/artpagony.hu\/wordpress\/wp-content\/uploads\/2025\/12\/20251205_141929-225x300.jpg 225w, http:\/\/artpagony.hu\/wordpress\/wp-content\/uploads\/2025\/12\/20251205_141929-768x1024.jpg 768w, http:\/\/artpagony.hu\/wordpress\/wp-content\/uploads\/2025\/12\/20251205_141929-1152x1536.jpg 1152w, http:\/\/artpagony.hu\/wordpress\/wp-content\/uploads\/2025\/12\/20251205_141929-1536x2048.jpg 1536w, http:\/\/artpagony.hu\/wordpress\/wp-content\/uploads\/2025\/12\/20251205_141929-scaled.jpg 1920w\" sizes=\"auto, (max-width: 225px) 100vw, 225px\" \/><\/p>\n<p><img loading=\"lazy\" decoding=\"async\" class=\"alignnone size-medium wp-image-4418\" src=\"http:\/\/artpagony.hu\/wordpress\/wp-content\/uploads\/2025\/12\/20251205_143544-300x300.jpg\" alt=\"\" width=\"300\" height=\"300\" srcset=\"http:\/\/artpagony.hu\/wordpress\/wp-content\/uploads\/2025\/12\/20251205_143544-300x300.jpg 300w, http:\/\/artpagony.hu\/wordpress\/wp-content\/uploads\/2025\/12\/20251205_143544-1024x1024.jpg 1024w, http:\/\/artpagony.hu\/wordpress\/wp-content\/uploads\/2025\/12\/20251205_143544-150x150.jpg 150w, http:\/\/artpagony.hu\/wordpress\/wp-content\/uploads\/2025\/12\/20251205_143544-768x768.jpg 768w, http:\/\/artpagony.hu\/wordpress\/wp-content\/uploads\/2025\/12\/20251205_143544-1536x1536.jpg 1536w, http:\/\/artpagony.hu\/wordpress\/wp-content\/uploads\/2025\/12\/20251205_143544-2048x2048.jpg 2048w\" sizes=\"auto, (max-width: 300px) 100vw, 300px\" \/><\/p>\n<p>A felv\u00e9teleket Magyar J\u00f3zsefn\u00e9 k\u00e9sz\u00edtette.<img loading=\"lazy\" decoding=\"async\" class=\"alignnone wp-image-4423\" src=\"http:\/\/artpagony.hu\/wordpress\/wp-content\/uploads\/2025\/12\/fcf6fb08-9b4a-4fad-a623-f65f759246f1-214x300.jpg\" alt=\"\" width=\"87\" height=\"120\" \/><\/p>\n<p>&nbsp;<\/p>\n","protected":false},"excerpt":{"rendered":"<p>Az irodalom, a k\u00e9pz\u0151m\u0171v\u00e9szet, \u00e9s a zene \u00f6sszekapcsol\u00e1s\u00e1val hallhattunk, l\u00e1thattunk \u00e9rdekes bemutat\u00f3t N\u00e9meth Katalin kis el\u0151ad\u00e1s\u00e1ban, sokoldal\u00fa \u00e9rdekl\u0151d\u00e9s\u00e9nek, k\u00edv\u00e1ncsis\u00e1g\u00e1nak \u00e9s keres\u00e9seinek k\u00f6sz\u00f6nhet\u0151en. Goethe-r\u0151l (laz\u00e1n) N\u00e9meth Katalin A felv\u00e9teleket Magyar J\u00f3zsefn\u00e9 k\u00e9sz\u00edtette. &nbsp;<\/p>\n","protected":false},"author":3,"featured_media":0,"comment_status":"closed","ping_status":"closed","sticky":false,"template":"","format":"standard","meta":{"footnotes":""},"categories":[1],"tags":[12,191,375],"class_list":["post-4420","post","type-post","status-publish","format-standard","hentry","category-egyeb","tag-blog","tag-romantika","tag-wolfgang-von-goethe"],"_links":{"self":[{"href":"http:\/\/artpagony.hu\/wordpress\/index.php?rest_route=\/wp\/v2\/posts\/4420","targetHints":{"allow":["GET"]}}],"collection":[{"href":"http:\/\/artpagony.hu\/wordpress\/index.php?rest_route=\/wp\/v2\/posts"}],"about":[{"href":"http:\/\/artpagony.hu\/wordpress\/index.php?rest_route=\/wp\/v2\/types\/post"}],"author":[{"embeddable":true,"href":"http:\/\/artpagony.hu\/wordpress\/index.php?rest_route=\/wp\/v2\/users\/3"}],"replies":[{"embeddable":true,"href":"http:\/\/artpagony.hu\/wordpress\/index.php?rest_route=%2Fwp%2Fv2%2Fcomments&post=4420"}],"version-history":[{"count":4,"href":"http:\/\/artpagony.hu\/wordpress\/index.php?rest_route=\/wp\/v2\/posts\/4420\/revisions"}],"predecessor-version":[{"id":4425,"href":"http:\/\/artpagony.hu\/wordpress\/index.php?rest_route=\/wp\/v2\/posts\/4420\/revisions\/4425"}],"wp:attachment":[{"href":"http:\/\/artpagony.hu\/wordpress\/index.php?rest_route=%2Fwp%2Fv2%2Fmedia&parent=4420"}],"wp:term":[{"taxonomy":"category","embeddable":true,"href":"http:\/\/artpagony.hu\/wordpress\/index.php?rest_route=%2Fwp%2Fv2%2Fcategories&post=4420"},{"taxonomy":"post_tag","embeddable":true,"href":"http:\/\/artpagony.hu\/wordpress\/index.php?rest_route=%2Fwp%2Fv2%2Ftags&post=4420"}],"curies":[{"name":"wp","href":"https:\/\/api.w.org\/{rel}","templated":true}]}}