{"id":4538,"date":"2026-01-24T17:03:47","date_gmt":"2026-01-24T16:03:47","guid":{"rendered":"http:\/\/artpagony.hu\/wordpress\/?p=4538"},"modified":"2026-01-24T17:03:47","modified_gmt":"2026-01-24T16:03:47","slug":"2026-januar-23-onkepzokori-foglalkozas-madach-imre","status":"publish","type":"post","link":"http:\/\/artpagony.hu\/wordpress\/?p=4538","title":{"rendered":"2026. janu\u00e1r 23. \u00d6nk\u00e9pz\u0151k\u00f6ri foglalkoz\u00e1s Mad\u00e1ch Imre"},"content":{"rendered":"<p>Dr. Di\u00f3szegi Szab\u00f3 P\u00e1l \u00a0A \u201dNappali\u201d Mad\u00e1ch, egy k\u00fczdelmes \u00a0\u00fat a reformkort\u00f3l a Bach korszakig. N\u00f3gr\u00e1d v\u00e1rmegy\u00e9t\u0151l az orsz\u00e1ggy\u0171l\u00e9si k\u00e9pvisel\u0151s\u00e9gig t\u00e9m\u00e1j\u00fa el\u0151ad\u00e1s\u00e1ban Mad\u00e1ch Imre kev\u00e9sb\u00e9 ismert munk\u00e1ss\u00e1g\u00e1r\u00f3l besz\u00e9lt.<!--more--><\/p>\n<p>Az \u00e1ltala adott \u201eNappali\u201d jelz\u0151 els\u0151sorban a hivatalos munk\u00e1j\u00e1r\u00f3l, a mindennapi \u00e9let\u00e9r\u0151l,\u00a0 egyben \u00a0\u00a0emberi elk\u00f6telezetts\u00e9g\u00e9r\u0151l\u00a0 sz\u00f3lt, ami ehhez kapcsol\u00f3d\u00f3 \u00edr\u00e1saiban, v\u00e1rmegyegy\u0171l\u00e9si , orsz\u00e1ggy\u0171l\u00e9si felsz\u00f3lal\u00e1s\u00e1ban \u00edr\u00f3i st\u00edlus\u00e1t is megmutatta.<\/p>\n<p>\u00c9rdekes volt a korabeli politiz\u00e1l\u00e1s lehet\u0151s\u00e9gei, form\u00e1i, az akkori h\u00edrk\u00f6zl\u00e9si m\u00f3dok bemutat\u00e1sa. Mai szemmel \u00e9s technikai felt\u00e9telekkel n\u00e9zve egy lass\u00fa, neh\u00e9zkes vit\u00e1z\u00e1si, p\u00e1rbesz\u00e9d lehet\u0151s\u00e9g volt, \u00e9s kev\u00e9s t\u00f6megt\u00e1j\u00e9koztat\u00e1si eszk\u00f6z. Hossz\u00fa id\u0151, \u00e9s folyamat \u00a0kellett egy-egy t\u00f6rv\u00e9nyjavaslat v\u00e9gig vitel\u00e9hez.<\/p>\n<p>Sok \u00fajat tudhattunk meg arr\u00f3l is, hogyan alakult a csal\u00e1di \u00e9lete, arr\u00f3l, hogy verseket is \u00edrt Timon \u00e1ln\u00e9ven, amelyeket Pet\u0151fi S\u00e1ndor b\u00edr\u00e1lt a Pesti \u00a0Divatlapn\u00e1l bet\u00f6lt\u00f6tt munkak\u00f6r\u00e9ben, arr\u00f3l is, hogy a V\u00e9degylet N\u00f3gr\u00e1d megyei titk\u00e1ra volt, \u00e9s arr\u00f3l is, hogy betegs\u00e9ge sokszor, sok mindenben g\u00e1tolta.<\/p>\n<p>A majd k\u00e9t\u00f3r\u00e1s el\u0151ad\u00e1s ut\u00e1n olyan benyom\u00e1ssal t\u00e1voztunk, hogy Di\u00f3szegi Szab\u00f3 P\u00e1l m\u00e9g nagyon sokat tudott volna elmondani nek\u00fcnk Mad\u00e1ch \u201eNappali\u201d \u00e9let\u00e9r\u0151l is. K\u00f6sz\u00f6nj\u00fck!<\/p>\n<p><img loading=\"lazy\" decoding=\"async\" class=\"alignnone wp-image-4529\" src=\"http:\/\/artpagony.hu\/wordpress\/wp-content\/uploads\/2026\/01\/19c8405a-4273-497c-b388-4e278c59eed0-300x225.jpg\" alt=\"\" width=\"261\" height=\"198\" \/><img loading=\"lazy\" decoding=\"async\" class=\"alignnone wp-image-4530\" src=\"http:\/\/artpagony.hu\/wordpress\/wp-content\/uploads\/2026\/01\/573b1f8e-02e4-4e69-b094-2c8d313de14f-300x169.jpg\" alt=\"\" width=\"260\" height=\"151\" \/><\/p>\n<p><img loading=\"lazy\" decoding=\"async\" class=\"alignnone wp-image-4531\" src=\"http:\/\/artpagony.hu\/wordpress\/wp-content\/uploads\/2026\/01\/581a1535-4d9c-4684-8e5f-b10fc4dd9042-300x225.jpg\" alt=\"\" width=\"259\" height=\"197\" \/><img loading=\"lazy\" decoding=\"async\" class=\"alignnone wp-image-4532\" src=\"http:\/\/artpagony.hu\/wordpress\/wp-content\/uploads\/2026\/01\/ed38477c-8936-4709-a4fc-210ddd67b392-300x225.jpg\" alt=\"\" width=\"259\" height=\"197\" \/><\/p>\n<p><img loading=\"lazy\" decoding=\"async\" class=\"alignnone wp-image-4537\" src=\"http:\/\/artpagony.hu\/wordpress\/wp-content\/uploads\/2026\/01\/Madach-tisztsegei-300x231.jpg\" alt=\"\" width=\"261\" height=\"203\" \/><img loading=\"lazy\" decoding=\"async\" class=\"alignnone size-medium wp-image-4534\" src=\"http:\/\/artpagony.hu\/wordpress\/wp-content\/uploads\/2026\/01\/20260123_152058-225x300.jpg\" alt=\"\" width=\"225\" height=\"300\" srcset=\"http:\/\/artpagony.hu\/wordpress\/wp-content\/uploads\/2026\/01\/20260123_152058-225x300.jpg 225w, http:\/\/artpagony.hu\/wordpress\/wp-content\/uploads\/2026\/01\/20260123_152058-768x1024.jpg 768w, http:\/\/artpagony.hu\/wordpress\/wp-content\/uploads\/2026\/01\/20260123_152058-1152x1536.jpg 1152w, http:\/\/artpagony.hu\/wordpress\/wp-content\/uploads\/2026\/01\/20260123_152058-1536x2048.jpg 1536w, http:\/\/artpagony.hu\/wordpress\/wp-content\/uploads\/2026\/01\/20260123_152058-scaled.jpg 1920w\" sizes=\"auto, (max-width: 225px) 100vw, 225px\" \/><\/p>\n<p><img loading=\"lazy\" decoding=\"async\" class=\"alignnone wp-image-4543\" src=\"http:\/\/artpagony.hu\/wordpress\/wp-content\/uploads\/2026\/01\/617953492_1805389186691761_5827977580400324948_n-300x202.jpg\" alt=\"\" width=\"260\" height=\"178\" \/><img loading=\"lazy\" decoding=\"async\" class=\"alignnone wp-image-4542\" src=\"http:\/\/artpagony.hu\/wordpress\/wp-content\/uploads\/2026\/01\/615264009_1220031242819345_5308510866187189887_n-300x203.jpg\" alt=\"\" width=\"258\" height=\"178\" \/><\/p>\n<p><img loading=\"lazy\" decoding=\"async\" class=\"alignnone size-medium wp-image-4533\" src=\"http:\/\/artpagony.hu\/wordpress\/wp-content\/uploads\/2026\/01\/874ecebe-0e60-427d-ad30-aad9e7013cce-300x225.jpg\" alt=\"\" width=\"300\" height=\"225\" srcset=\"http:\/\/artpagony.hu\/wordpress\/wp-content\/uploads\/2026\/01\/874ecebe-0e60-427d-ad30-aad9e7013cce-300x225.jpg 300w, http:\/\/artpagony.hu\/wordpress\/wp-content\/uploads\/2026\/01\/874ecebe-0e60-427d-ad30-aad9e7013cce-1024x768.jpg 1024w, http:\/\/artpagony.hu\/wordpress\/wp-content\/uploads\/2026\/01\/874ecebe-0e60-427d-ad30-aad9e7013cce-768x576.jpg 768w, http:\/\/artpagony.hu\/wordpress\/wp-content\/uploads\/2026\/01\/874ecebe-0e60-427d-ad30-aad9e7013cce-1536x1152.jpg 1536w, http:\/\/artpagony.hu\/wordpress\/wp-content\/uploads\/2026\/01\/874ecebe-0e60-427d-ad30-aad9e7013cce-400x300.jpg 400w, http:\/\/artpagony.hu\/wordpress\/wp-content\/uploads\/2026\/01\/874ecebe-0e60-427d-ad30-aad9e7013cce.jpg 2048w\" sizes=\"auto, (max-width: 300px) 100vw, 300px\" \/><\/p>\n<p>A felv\u00e9teleket D\u00f6me M\u00e1rta, Szl\u00e1vikn\u00e9 B\u00faz\u00e1s Ir\u00e9n \u00e9s Szalma Judit k\u00e9sz\u00edtett\u00e9k.<\/p>\n","protected":false},"excerpt":{"rendered":"<p>Dr. Di\u00f3szegi Szab\u00f3 P\u00e1l \u00a0A \u201dNappali\u201d Mad\u00e1ch, egy k\u00fczdelmes \u00a0\u00fat a reformkort\u00f3l a Bach korszakig. N\u00f3gr\u00e1d v\u00e1rmegy\u00e9t\u0151l az orsz\u00e1ggy\u0171l\u00e9si k\u00e9pvisel\u0151s\u00e9gig t\u00e9m\u00e1j\u00fa el\u0151ad\u00e1s\u00e1ban Mad\u00e1ch Imre kev\u00e9sb\u00e9 ismert munk\u00e1ss\u00e1g\u00e1r\u00f3l besz\u00e9lt.<\/p>\n","protected":false},"author":3,"featured_media":0,"comment_status":"closed","ping_status":"closed","sticky":false,"template":"","format":"standard","meta":{"footnotes":""},"categories":[1],"tags":[263,12,311],"class_list":["post-4538","post","type-post","status-publish","format-standard","hentry","category-egyeb","tag-19-szazad","tag-blog","tag-madach-imre"],"_links":{"self":[{"href":"http:\/\/artpagony.hu\/wordpress\/index.php?rest_route=\/wp\/v2\/posts\/4538","targetHints":{"allow":["GET"]}}],"collection":[{"href":"http:\/\/artpagony.hu\/wordpress\/index.php?rest_route=\/wp\/v2\/posts"}],"about":[{"href":"http:\/\/artpagony.hu\/wordpress\/index.php?rest_route=\/wp\/v2\/types\/post"}],"author":[{"embeddable":true,"href":"http:\/\/artpagony.hu\/wordpress\/index.php?rest_route=\/wp\/v2\/users\/3"}],"replies":[{"embeddable":true,"href":"http:\/\/artpagony.hu\/wordpress\/index.php?rest_route=%2Fwp%2Fv2%2Fcomments&post=4538"}],"version-history":[{"count":6,"href":"http:\/\/artpagony.hu\/wordpress\/index.php?rest_route=\/wp\/v2\/posts\/4538\/revisions"}],"predecessor-version":[{"id":4546,"href":"http:\/\/artpagony.hu\/wordpress\/index.php?rest_route=\/wp\/v2\/posts\/4538\/revisions\/4546"}],"wp:attachment":[{"href":"http:\/\/artpagony.hu\/wordpress\/index.php?rest_route=%2Fwp%2Fv2%2Fmedia&parent=4538"}],"wp:term":[{"taxonomy":"category","embeddable":true,"href":"http:\/\/artpagony.hu\/wordpress\/index.php?rest_route=%2Fwp%2Fv2%2Fcategories&post=4538"},{"taxonomy":"post_tag","embeddable":true,"href":"http:\/\/artpagony.hu\/wordpress\/index.php?rest_route=%2Fwp%2Fv2%2Ftags&post=4538"}],"curies":[{"name":"wp","href":"https:\/\/api.w.org\/{rel}","templated":true}]}}