{"id":4689,"date":"2026-03-12T10:07:22","date_gmt":"2026-03-12T09:07:22","guid":{"rendered":"http:\/\/artpagony.hu\/wordpress\/?p=4689"},"modified":"2026-03-12T10:27:31","modified_gmt":"2026-03-12T09:27:31","slug":"2026-marcius-4-es-7-kirandulasaink-budapesten","status":"publish","type":"post","link":"http:\/\/artpagony.hu\/wordpress\/?p=4689","title":{"rendered":"2026. m\u00e1rcius 4 \u00e9s 7: Kir\u00e1ndul\u00e1saink Budapesten"},"content":{"rendered":"<p>M\u00e1rcius els\u0151 napjaiban k\u00e9t alkalommal is voltunk Budapesten, ahol a V\u00e1rosligeti fasorban a K\u0151r\u00f6ssy vill\u00e1t, \u00e9s a k\u00f6rny\u00e9k vill\u00e1it n\u00e9zt\u00fck meg.<\/p>\n<p>A m\u00e1sodik alkalommal a &#8220;M\u00e1gn\u00e1s negyedben&#8221; a Festetics palot\u00e1t, a Nemzeti M\u00fazeumot, a Wenckheim palot\u00e1t j\u00e1rtuk be, majd a V\u00e1rkert Baz\u00e1rban t\u00f6lt\u00f6tt\u00fcnk el k\u00e9t \u00f3r\u00e1t.<\/p>\n<p>Mindk\u00e9t s\u00e9ta sor\u00e1n a historizmus \u00e9s a szecesszi\u00f3 \u00e9p\u00fcletei voltak a kit\u0171z\u0151tt, megn\u00e9zend\u0151 \u00e9p\u00fcletek.<\/p>\n<p><a href=\"http:\/\/artpagony.hu\/wordpress\/wp-content\/uploads\/2026\/03\/2026.03.04.Bp_.Korossy-villa.pptx\">2026.03.04.Bp.K\u0151r\u00f6ssy villa<\/a><\/p>\n<p><a href=\"http:\/\/artpagony.hu\/wordpress\/wp-content\/uploads\/2026\/03\/2026.03.07.Bp_.Wenckheim-FesteticspalotaMNMVarkert-MID-Travel.pptx\">2026.03.07.Bp.Wenckheim, Festeticspalota,MNM,V\u00e1rkert MID Travel<\/a><\/p>\n<p><img loading=\"lazy\" decoding=\"async\" class=\"alignnone size-medium wp-image-4693\" src=\"http:\/\/artpagony.hu\/wordpress\/wp-content\/uploads\/2026\/03\/20260307_154931-300x225.jpg\" alt=\"\" width=\"300\" height=\"225\" srcset=\"http:\/\/artpagony.hu\/wordpress\/wp-content\/uploads\/2026\/03\/20260307_154931-300x225.jpg 300w, http:\/\/artpagony.hu\/wordpress\/wp-content\/uploads\/2026\/03\/20260307_154931-1024x768.jpg 1024w, http:\/\/artpagony.hu\/wordpress\/wp-content\/uploads\/2026\/03\/20260307_154931-768x576.jpg 768w, http:\/\/artpagony.hu\/wordpress\/wp-content\/uploads\/2026\/03\/20260307_154931-1536x1152.jpg 1536w, http:\/\/artpagony.hu\/wordpress\/wp-content\/uploads\/2026\/03\/20260307_154931-2048x1536.jpg 2048w, http:\/\/artpagony.hu\/wordpress\/wp-content\/uploads\/2026\/03\/20260307_154931-400x300.jpg 400w\" sizes=\"auto, (max-width: 300px) 100vw, 300px\" \/>Lenkei Edit felv\u00e9tele<\/p>\n","protected":false},"excerpt":{"rendered":"<p>M\u00e1rcius els\u0151 napjaiban k\u00e9t alkalommal is voltunk Budapesten, ahol a V\u00e1rosligeti fasorban a K\u0151r\u00f6ssy vill\u00e1t, \u00e9s a k\u00f6rny\u00e9k vill\u00e1it n\u00e9zt\u00fck meg. A m\u00e1sodik alkalommal a &#8220;M\u00e1gn\u00e1s negyedben&#8221; a Festetics palot\u00e1t, a Nemzeti M\u00fazeumot, a Wenckheim palot\u00e1t j\u00e1rtuk be, majd a &hellip; <a href=\"http:\/\/artpagony.hu\/wordpress\/?p=4689\">Egy kattint\u00e1s ide a folytat\u00e1shoz&#8230;. <span class=\"meta-nav\">&rarr;<\/span><\/a><\/p>\n","protected":false},"author":3,"featured_media":0,"comment_status":"closed","ping_status":"closed","sticky":false,"template":"","format":"standard","meta":{"footnotes":""},"categories":[1],"tags":[12,47,401,402,403],"class_list":["post-4689","post","type-post","status-publish","format-standard","hentry","category-egyeb","tag-blog","tag-budapest","tag-korossy-villa","tag-palotak","tag-varkert-bazar"],"_links":{"self":[{"href":"http:\/\/artpagony.hu\/wordpress\/index.php?rest_route=\/wp\/v2\/posts\/4689","targetHints":{"allow":["GET"]}}],"collection":[{"href":"http:\/\/artpagony.hu\/wordpress\/index.php?rest_route=\/wp\/v2\/posts"}],"about":[{"href":"http:\/\/artpagony.hu\/wordpress\/index.php?rest_route=\/wp\/v2\/types\/post"}],"author":[{"embeddable":true,"href":"http:\/\/artpagony.hu\/wordpress\/index.php?rest_route=\/wp\/v2\/users\/3"}],"replies":[{"embeddable":true,"href":"http:\/\/artpagony.hu\/wordpress\/index.php?rest_route=%2Fwp%2Fv2%2Fcomments&post=4689"}],"version-history":[{"count":4,"href":"http:\/\/artpagony.hu\/wordpress\/index.php?rest_route=\/wp\/v2\/posts\/4689\/revisions"}],"predecessor-version":[{"id":4694,"href":"http:\/\/artpagony.hu\/wordpress\/index.php?rest_route=\/wp\/v2\/posts\/4689\/revisions\/4694"}],"wp:attachment":[{"href":"http:\/\/artpagony.hu\/wordpress\/index.php?rest_route=%2Fwp%2Fv2%2Fmedia&parent=4689"}],"wp:term":[{"taxonomy":"category","embeddable":true,"href":"http:\/\/artpagony.hu\/wordpress\/index.php?rest_route=%2Fwp%2Fv2%2Fcategories&post=4689"},{"taxonomy":"post_tag","embeddable":true,"href":"http:\/\/artpagony.hu\/wordpress\/index.php?rest_route=%2Fwp%2Fv2%2Ftags&post=4689"}],"curies":[{"name":"wp","href":"https:\/\/api.w.org\/{rel}","templated":true}]}}