{"id":4701,"date":"2026-03-14T07:46:34","date_gmt":"2026-03-14T06:46:34","guid":{"rendered":"http:\/\/artpagony.hu\/wordpress\/?p=4701"},"modified":"2026-03-14T07:53:43","modified_gmt":"2026-03-14T06:53:43","slug":"2026-marcius-13-onkepzokori-foglalkozas-kovacs-mari","status":"publish","type":"post","link":"http:\/\/artpagony.hu\/wordpress\/?p=4701","title":{"rendered":"2026. m\u00e1rcius 13. \u00d6nk\u00e9pz\u0151k\u00f6ri foglalkoz\u00e1s Kov\u00e1cs M\u00e1ri"},"content":{"rendered":"<p><strong>M\u00e9g folyamatban van Kov\u00e1cs M\u00e1ri \u00e9let\u00e9nek, m\u0171veinek feldolgoz\u00e1sa, ennek ellen\u00e9re Bogn\u00e1r (Vojnich) Zs\u00f3fia mer\u00e9szen v\u00e1llalta a fest\u0151n\u0151 bemutat\u00e1s\u00e1t, nemcsak kapcsolat\u00e1t Tornyai J\u00e1nossal, hanem a magyar fest\u0151m\u0171v\u00e9szetben elfoglalt hely\u00e9nek v\u00e1zol\u00e1s\u00e1t is.<\/strong><\/p>\n<p><strong>T\u00f6k\u00e9letes, tartalmas d\u00e9lut\u00e1nt szerzett el\u0151ad\u00e1s\u00e1val Zs\u00f3fi\u00a0 a megjelenteknek. K\u00f6sz\u00f6nj\u00fck!<\/strong><\/p>\n<p><a href=\"http:\/\/artpagony.hu\/wordpress\/wp-content\/uploads\/2026\/03\/Mari-ea_-martelyVojnich-Zsofi.pptx\">M\u00e1ri ea_-m\u00e1rt\u00e9lyVojnich Zs\u00f3fi<\/a><\/p>\n<p><a href=\"http:\/\/artpagony.hu\/wordpress\/wp-content\/uploads\/2026\/03\/Mari-Vojnich-Zsofi.docx\">M\u00e1ri Vojnich Zs\u00f3fi<\/a><\/p>\n<p><img loading=\"lazy\" decoding=\"async\" class=\"alignnone size-medium wp-image-4696\" src=\"http:\/\/artpagony.hu\/wordpress\/wp-content\/uploads\/2026\/03\/20260313_141940-225x300.jpg\" alt=\"\" width=\"225\" height=\"300\" srcset=\"http:\/\/artpagony.hu\/wordpress\/wp-content\/uploads\/2026\/03\/20260313_141940-225x300.jpg 225w, http:\/\/artpagony.hu\/wordpress\/wp-content\/uploads\/2026\/03\/20260313_141940-768x1024.jpg 768w, http:\/\/artpagony.hu\/wordpress\/wp-content\/uploads\/2026\/03\/20260313_141940-1152x1536.jpg 1152w, http:\/\/artpagony.hu\/wordpress\/wp-content\/uploads\/2026\/03\/20260313_141940-1536x2048.jpg 1536w, http:\/\/artpagony.hu\/wordpress\/wp-content\/uploads\/2026\/03\/20260313_141940-scaled.jpg 1920w\" sizes=\"auto, (max-width: 225px) 100vw, 225px\" \/><img loading=\"lazy\" decoding=\"async\" class=\"alignnone size-medium wp-image-4695\" src=\"http:\/\/artpagony.hu\/wordpress\/wp-content\/uploads\/2026\/03\/20260313_141934-1-225x300.jpg\" alt=\"\" width=\"225\" height=\"300\" srcset=\"http:\/\/artpagony.hu\/wordpress\/wp-content\/uploads\/2026\/03\/20260313_141934-1-225x300.jpg 225w, http:\/\/artpagony.hu\/wordpress\/wp-content\/uploads\/2026\/03\/20260313_141934-1-768x1024.jpg 768w, http:\/\/artpagony.hu\/wordpress\/wp-content\/uploads\/2026\/03\/20260313_141934-1-1152x1536.jpg 1152w, http:\/\/artpagony.hu\/wordpress\/wp-content\/uploads\/2026\/03\/20260313_141934-1-1536x2048.jpg 1536w, http:\/\/artpagony.hu\/wordpress\/wp-content\/uploads\/2026\/03\/20260313_141934-1-scaled.jpg 1920w\" sizes=\"auto, (max-width: 225px) 100vw, 225px\" \/><strong>Szalma Judit\u00a0<\/strong><\/p>\n<p><img loading=\"lazy\" decoding=\"async\" class=\"alignnone size-medium wp-image-4697\" src=\"http:\/\/artpagony.hu\/wordpress\/wp-content\/uploads\/2026\/03\/1f64a06e-09ab-4712-91c8-a7edfc811d7e-300x171.jpg\" alt=\"\" width=\"300\" height=\"171\" srcset=\"http:\/\/artpagony.hu\/wordpress\/wp-content\/uploads\/2026\/03\/1f64a06e-09ab-4712-91c8-a7edfc811d7e-300x171.jpg 300w, http:\/\/artpagony.hu\/wordpress\/wp-content\/uploads\/2026\/03\/1f64a06e-09ab-4712-91c8-a7edfc811d7e-1024x585.jpg 1024w, http:\/\/artpagony.hu\/wordpress\/wp-content\/uploads\/2026\/03\/1f64a06e-09ab-4712-91c8-a7edfc811d7e-768x439.jpg 768w, http:\/\/artpagony.hu\/wordpress\/wp-content\/uploads\/2026\/03\/1f64a06e-09ab-4712-91c8-a7edfc811d7e-1536x877.jpg 1536w, http:\/\/artpagony.hu\/wordpress\/wp-content\/uploads\/2026\/03\/1f64a06e-09ab-4712-91c8-a7edfc811d7e-2048x1170.jpg 2048w, http:\/\/artpagony.hu\/wordpress\/wp-content\/uploads\/2026\/03\/1f64a06e-09ab-4712-91c8-a7edfc811d7e-500x286.jpg 500w\" sizes=\"auto, (max-width: 300px) 100vw, 300px\" \/><img loading=\"lazy\" decoding=\"async\" class=\"alignnone size-medium wp-image-4698\" src=\"http:\/\/artpagony.hu\/wordpress\/wp-content\/uploads\/2026\/03\/03d5869a-3e56-4141-af86-ca146cbf5f01-300x225.jpg\" alt=\"\" width=\"300\" height=\"225\" srcset=\"http:\/\/artpagony.hu\/wordpress\/wp-content\/uploads\/2026\/03\/03d5869a-3e56-4141-af86-ca146cbf5f01-300x225.jpg 300w, http:\/\/artpagony.hu\/wordpress\/wp-content\/uploads\/2026\/03\/03d5869a-3e56-4141-af86-ca146cbf5f01-1024x768.jpg 1024w, http:\/\/artpagony.hu\/wordpress\/wp-content\/uploads\/2026\/03\/03d5869a-3e56-4141-af86-ca146cbf5f01-768x576.jpg 768w, http:\/\/artpagony.hu\/wordpress\/wp-content\/uploads\/2026\/03\/03d5869a-3e56-4141-af86-ca146cbf5f01-1536x1152.jpg 1536w, http:\/\/artpagony.hu\/wordpress\/wp-content\/uploads\/2026\/03\/03d5869a-3e56-4141-af86-ca146cbf5f01-2048x1536.jpg 2048w, http:\/\/artpagony.hu\/wordpress\/wp-content\/uploads\/2026\/03\/03d5869a-3e56-4141-af86-ca146cbf5f01-400x300.jpg 400w\" sizes=\"auto, (max-width: 300px) 100vw, 300px\" \/><strong>\u00e9s D\u00f6me M\u00e1rta felv\u00e9telei.<\/strong><\/p>\n<p><strong>Kov\u00e1cs M\u00e1ria (1883-1977) fest\u0151m\u0171v\u00e9szr\u0151l k\u00e9sz\u00edtett r\u00f6vidfilmet Borb\u00e1s Edina h\u00f3dmez\u0151v\u00e1s\u00e1rhelyi sz\u00fclet\u00e9s\u0171 \u00edr\u00f3, telev\u00edzi\u00f3s szerkeszt\u0151-m\u0171sorvezet\u0151<br \/>\n<\/strong><strong>Egy n\u0151, aki titokban kil\u00e9pett a f\u00e9nybe c\u00edmmel, amit a You Tube-n lehet megn\u00e9zn<\/strong><strong>i.<\/strong><\/p>\n<p><iframe loading=\"lazy\" title=\"Egy n\u0151, aki titokban kil\u00e9pett a f\u00e9nybe\" width=\"584\" height=\"329\" src=\"https:\/\/www.youtube.com\/embed\/kG2Rg62CiBQ?feature=oembed\" frameborder=\"0\" allow=\"accelerometer; autoplay; clipboard-write; encrypted-media; gyroscope; picture-in-picture; web-share\" referrerpolicy=\"strict-origin-when-cross-origin\" allowfullscreen><\/iframe><\/p>\n<p>&nbsp;<\/p>\n<p>&nbsp;<\/p>\n<p>&nbsp;<\/p>\n","protected":false},"excerpt":{"rendered":"<p>M\u00e9g folyamatban van Kov\u00e1cs M\u00e1ri \u00e9let\u00e9nek, m\u0171veinek feldolgoz\u00e1sa, ennek ellen\u00e9re Bogn\u00e1r (Vojnich) Zs\u00f3fia mer\u00e9szen v\u00e1llalta a fest\u0151n\u0151 bemutat\u00e1s\u00e1t, nemcsak kapcsolat\u00e1t Tornyai J\u00e1nossal, hanem a magyar fest\u0151m\u0171v\u00e9szetben elfoglalt hely\u00e9nek v\u00e1zol\u00e1s\u00e1t is. T\u00f6k\u00e9letes, tartalmas d\u00e9lut\u00e1nt szerzett el\u0151ad\u00e1s\u00e1val Zs\u00f3fi\u00a0 a megjelenteknek. K\u00f6sz\u00f6nj\u00fck! M\u00e1ri &hellip; <a href=\"http:\/\/artpagony.hu\/wordpress\/?p=4701\">Egy kattint\u00e1s ide a folytat\u00e1shoz&#8230;. <span class=\"meta-nav\">&rarr;<\/span><\/a><\/p>\n","protected":false},"author":3,"featured_media":0,"comment_status":"closed","ping_status":"closed","sticky":false,"template":"","format":"standard","meta":{"footnotes":""},"categories":[1],"tags":[308,12,404],"class_list":["post-4701","post","type-post","status-publish","format-standard","hentry","category-egyeb","tag-alfoldi-festeszet","tag-blog","tag-naiv-muveszet"],"_links":{"self":[{"href":"http:\/\/artpagony.hu\/wordpress\/index.php?rest_route=\/wp\/v2\/posts\/4701","targetHints":{"allow":["GET"]}}],"collection":[{"href":"http:\/\/artpagony.hu\/wordpress\/index.php?rest_route=\/wp\/v2\/posts"}],"about":[{"href":"http:\/\/artpagony.hu\/wordpress\/index.php?rest_route=\/wp\/v2\/types\/post"}],"author":[{"embeddable":true,"href":"http:\/\/artpagony.hu\/wordpress\/index.php?rest_route=\/wp\/v2\/users\/3"}],"replies":[{"embeddable":true,"href":"http:\/\/artpagony.hu\/wordpress\/index.php?rest_route=%2Fwp%2Fv2%2Fcomments&post=4701"}],"version-history":[{"count":4,"href":"http:\/\/artpagony.hu\/wordpress\/index.php?rest_route=\/wp\/v2\/posts\/4701\/revisions"}],"predecessor-version":[{"id":4705,"href":"http:\/\/artpagony.hu\/wordpress\/index.php?rest_route=\/wp\/v2\/posts\/4701\/revisions\/4705"}],"wp:attachment":[{"href":"http:\/\/artpagony.hu\/wordpress\/index.php?rest_route=%2Fwp%2Fv2%2Fmedia&parent=4701"}],"wp:term":[{"taxonomy":"category","embeddable":true,"href":"http:\/\/artpagony.hu\/wordpress\/index.php?rest_route=%2Fwp%2Fv2%2Fcategories&post=4701"},{"taxonomy":"post_tag","embeddable":true,"href":"http:\/\/artpagony.hu\/wordpress\/index.php?rest_route=%2Fwp%2Fv2%2Ftags&post=4701"}],"curies":[{"name":"wp","href":"https:\/\/api.w.org\/{rel}","templated":true}]}}