{"id":4816,"date":"2026-04-26T08:27:09","date_gmt":"2026-04-26T06:27:09","guid":{"rendered":"http:\/\/artpagony.hu\/wordpress\/?p=4816"},"modified":"2026-04-26T08:27:30","modified_gmt":"2026-04-26T06:27:30","slug":"2026-aprilis-24-onkepzokori-foglalkozas-ybl-miklos","status":"publish","type":"post","link":"http:\/\/artpagony.hu\/wordpress\/?p=4816","title":{"rendered":"2026. \u00e1prilis 24. \u00d6nk\u00e9pz\u0151k\u00f6ri foglalkoz\u00e1s Ybl Mikl\u00f3s"},"content":{"rendered":"<p><strong>Aszalai Magdolna<\/strong> folytatta az el\u0151z\u0151 foglalkoz\u00e1son elkezdett kisel\u0151ad\u00e1s\u00e1t. R\u00e9szletesen bemutatott t\u00f6bb Ybl Mikl\u00f3s \u00e1ltal tervezett \u00e9p\u00fcletet: a Br\u00f3dy S\u00e1ndor utcai parlamentet, a V\u00e1rkert Baz\u00e1rt, az Operah\u00e1zat, a Szent Istv\u00e1n bazilik\u00e1t, k\u00f6z-, \u00e9s gazdas\u00e1gi \u00e9p\u00fcleteket, kast\u00e9lyokat, palot\u00e1kat. Elmagyar\u00e1zta a kor gazdas\u00e1gi, t\u00e1rsadalmi felt\u00e9teleit,\u00a0 az \u00e9p\u00edt\u00e9sz k\u00e9pz\u00e9s fokozatait.Sok \u00e9rdekes inform\u00e1ci\u00f3t kaptunk. K\u00f6sz\u00f6nj\u00fck.<\/p>\n<p><a href=\"http:\/\/artpagony.hu\/wordpress\/wp-content\/uploads\/2026\/04\/Ybl-Miklos-Aszalai-Magdolna.pptx\">Ybl Mikl\u00f3s Aszalai Magdolna<\/a><\/p>\n<p><img loading=\"lazy\" decoding=\"async\" class=\"alignnone size-medium wp-image-4826\" src=\"http:\/\/artpagony.hu\/wordpress\/wp-content\/uploads\/2026\/04\/20260424_143031-masolata-300x300.jpg\" alt=\"\" width=\"300\" height=\"300\" srcset=\"http:\/\/artpagony.hu\/wordpress\/wp-content\/uploads\/2026\/04\/20260424_143031-masolata-300x300.jpg 300w, http:\/\/artpagony.hu\/wordpress\/wp-content\/uploads\/2026\/04\/20260424_143031-masolata-1024x1024.jpg 1024w, http:\/\/artpagony.hu\/wordpress\/wp-content\/uploads\/2026\/04\/20260424_143031-masolata-150x150.jpg 150w, http:\/\/artpagony.hu\/wordpress\/wp-content\/uploads\/2026\/04\/20260424_143031-masolata-768x768.jpg 768w, http:\/\/artpagony.hu\/wordpress\/wp-content\/uploads\/2026\/04\/20260424_143031-masolata-1536x1536.jpg 1536w, http:\/\/artpagony.hu\/wordpress\/wp-content\/uploads\/2026\/04\/20260424_143031-masolata-2048x2048.jpg 2048w\" sizes=\"auto, (max-width: 300px) 100vw, 300px\" \/><\/p>\n<p>A felv\u00e9telt Magyar J\u00f3zsefn\u00e9 k\u00e9sz\u00edtette.<\/p>\n","protected":false},"excerpt":{"rendered":"<p>Aszalai Magdolna folytatta az el\u0151z\u0151 foglalkoz\u00e1son elkezdett kisel\u0151ad\u00e1s\u00e1t. R\u00e9szletesen bemutatott t\u00f6bb Ybl Mikl\u00f3s \u00e1ltal tervezett \u00e9p\u00fcletet: a Br\u00f3dy S\u00e1ndor utcai parlamentet, a V\u00e1rkert Baz\u00e1rt, az Operah\u00e1zat, a Szent Istv\u00e1n bazilik\u00e1t, k\u00f6z-, \u00e9s gazdas\u00e1gi \u00e9p\u00fcleteket, kast\u00e9lyokat, palot\u00e1kat. Elmagyar\u00e1zta a kor gazdas\u00e1gi, &hellip; <a href=\"http:\/\/artpagony.hu\/wordpress\/?p=4816\">Egy kattint\u00e1s ide a folytat\u00e1shoz&#8230;. <span class=\"meta-nav\">&rarr;<\/span><\/a><\/p>\n","protected":false},"author":3,"featured_media":0,"comment_status":"closed","ping_status":"closed","sticky":false,"template":"","format":"standard","meta":{"footnotes":""},"categories":[1],"tags":[],"class_list":["post-4816","post","type-post","status-publish","format-standard","hentry","category-egyeb"],"_links":{"self":[{"href":"http:\/\/artpagony.hu\/wordpress\/index.php?rest_route=\/wp\/v2\/posts\/4816","targetHints":{"allow":["GET"]}}],"collection":[{"href":"http:\/\/artpagony.hu\/wordpress\/index.php?rest_route=\/wp\/v2\/posts"}],"about":[{"href":"http:\/\/artpagony.hu\/wordpress\/index.php?rest_route=\/wp\/v2\/types\/post"}],"author":[{"embeddable":true,"href":"http:\/\/artpagony.hu\/wordpress\/index.php?rest_route=\/wp\/v2\/users\/3"}],"replies":[{"embeddable":true,"href":"http:\/\/artpagony.hu\/wordpress\/index.php?rest_route=%2Fwp%2Fv2%2Fcomments&post=4816"}],"version-history":[{"count":4,"href":"http:\/\/artpagony.hu\/wordpress\/index.php?rest_route=\/wp\/v2\/posts\/4816\/revisions"}],"predecessor-version":[{"id":4827,"href":"http:\/\/artpagony.hu\/wordpress\/index.php?rest_route=\/wp\/v2\/posts\/4816\/revisions\/4827"}],"wp:attachment":[{"href":"http:\/\/artpagony.hu\/wordpress\/index.php?rest_route=%2Fwp%2Fv2%2Fmedia&parent=4816"}],"wp:term":[{"taxonomy":"category","embeddable":true,"href":"http:\/\/artpagony.hu\/wordpress\/index.php?rest_route=%2Fwp%2Fv2%2Fcategories&post=4816"},{"taxonomy":"post_tag","embeddable":true,"href":"http:\/\/artpagony.hu\/wordpress\/index.php?rest_route=%2Fwp%2Fv2%2Ftags&post=4816"}],"curies":[{"name":"wp","href":"https:\/\/api.w.org\/{rel}","templated":true}]}}