{"id":5097,"date":"2026-09-05T10:00:33","date_gmt":"2026-09-05T08:00:33","guid":{"rendered":"http:\/\/artpagony.hu\/wordpress\/?p=5097"},"modified":"2026-09-05T10:00:33","modified_gmt":"2026-09-05T08:00:33","slug":"2026-szeptember-4-onkepzokori-foglalkozas-magyar-tortenelmi-festeszet-a-19-szazadban","status":"publish","type":"post","link":"http:\/\/artpagony.hu\/wordpress\/?p=5097","title":{"rendered":"2026. szeptember 4. \u00d6nk\u00e9pz\u0151k\u00f6ri foglalkoz\u00e1s Magyar t\u00f6rt\u00e9nelmi fest\u00e9szet a 19. sz\u00e1zadban"},"content":{"rendered":"<p>A t\u00f6rt\u00e9nelmi k\u00e9pek nemcsak \u00e1br\u00e1zolnak, hanem besz\u00e9lnek is \u2013 de csak akkor \u00e9rtj\u00fck a szavukat, ha ismerj\u00fck a kor k\u00f6r\u00fclm\u00e9nyeit, a h\u00e1tteret. <strong>Szil\u00e1gyi Kl\u00e1ra el\u0151ad\u00e1sa<\/strong> mesterien bizony\u00edtotta be, hogy a festm\u00e9nyek m\u00f6g\u00f6tti t\u00f6rt\u00e9nelmi \u00f6sszef\u00fcgg\u00e9sek felt\u00e1r\u00e1sa n\u00e9lk\u00fcl a szeml\u00e9l\u0151 elszalasztja a m\u0171vek legfontosabb \u00fczenet\u00e9t. A h\u00e1tt\u00e9rt\u00f6rt\u00e9net teszi a k\u00e9pet vizu\u00e1lis kr\u00f3nik\u00e1v\u00e1.<\/p>\n<p>Szil\u00e1gyi Kl\u00e1ra el\u0151ad\u00e1sa ism\u00e9t lek\u00f6t\u00f6tte a hallgat\u00f3k figyelm\u00e9t, mint m\u00e1r kor\u00e1bban is, oly sokszor.<\/p>\n<p>K\u00f6sz\u00f6nj\u00fck!<\/p>\n<p>A t\u00e9ma folytat\u00e1s\u00e1ra, a 2. r\u00e9szre okt\u00f3berben ker\u00fcl sor.<\/p>\n<p><img loading=\"lazy\" decoding=\"async\" class=\"alignnone size-medium wp-image-5093\" src=\"http:\/\/artpagony.hu\/wordpress\/wp-content\/uploads\/2026\/08\/Zrinyi-300x224.png\" alt=\"\" width=\"300\" height=\"224\" srcset=\"http:\/\/artpagony.hu\/wordpress\/wp-content\/uploads\/2026\/08\/Zrinyi-300x224.png 300w, http:\/\/artpagony.hu\/wordpress\/wp-content\/uploads\/2026\/08\/Zrinyi-1024x766.png 1024w, http:\/\/artpagony.hu\/wordpress\/wp-content\/uploads\/2026\/08\/Zrinyi-768x574.png 768w, http:\/\/artpagony.hu\/wordpress\/wp-content\/uploads\/2026\/08\/Zrinyi-401x300.png 401w, http:\/\/artpagony.hu\/wordpress\/wp-content\/uploads\/2026\/08\/Zrinyi.png 1027w\" sizes=\"auto, (max-width: 300px) 100vw, 300px\" \/><\/p>\n<p><img loading=\"lazy\" decoding=\"async\" class=\"alignnone size-medium wp-image-5095\" src=\"http:\/\/artpagony.hu\/wordpress\/wp-content\/uploads\/2026\/09\/20260904_141400-300x300.jpg\" alt=\"\" width=\"300\" height=\"300\" srcset=\"http:\/\/artpagony.hu\/wordpress\/wp-content\/uploads\/2026\/09\/20260904_141400-300x300.jpg 300w, http:\/\/artpagony.hu\/wordpress\/wp-content\/uploads\/2026\/09\/20260904_141400-1024x1024.jpg 1024w, http:\/\/artpagony.hu\/wordpress\/wp-content\/uploads\/2026\/09\/20260904_141400-150x150.jpg 150w, http:\/\/artpagony.hu\/wordpress\/wp-content\/uploads\/2026\/09\/20260904_141400-768x768.jpg 768w, http:\/\/artpagony.hu\/wordpress\/wp-content\/uploads\/2026\/09\/20260904_141400-1536x1536.jpg 1536w, http:\/\/artpagony.hu\/wordpress\/wp-content\/uploads\/2026\/09\/20260904_141400-2048x2048.jpg 2048w\" sizes=\"auto, (max-width: 300px) 100vw, 300px\" \/><\/p>\n<p><img loading=\"lazy\" decoding=\"async\" class=\"alignnone size-medium wp-image-5096\" src=\"http:\/\/artpagony.hu\/wordpress\/wp-content\/uploads\/2026\/09\/20260904_141511-300x300.jpg\" alt=\"\" width=\"300\" height=\"300\" srcset=\"http:\/\/artpagony.hu\/wordpress\/wp-content\/uploads\/2026\/09\/20260904_141511-300x300.jpg 300w, http:\/\/artpagony.hu\/wordpress\/wp-content\/uploads\/2026\/09\/20260904_141511-1024x1024.jpg 1024w, http:\/\/artpagony.hu\/wordpress\/wp-content\/uploads\/2026\/09\/20260904_141511-150x150.jpg 150w, http:\/\/artpagony.hu\/wordpress\/wp-content\/uploads\/2026\/09\/20260904_141511-768x768.jpg 768w, http:\/\/artpagony.hu\/wordpress\/wp-content\/uploads\/2026\/09\/20260904_141511-1536x1536.jpg 1536w, http:\/\/artpagony.hu\/wordpress\/wp-content\/uploads\/2026\/09\/20260904_141511-2048x2048.jpg 2048w\" sizes=\"auto, (max-width: 300px) 100vw, 300px\" \/><\/p>\n","protected":false},"excerpt":{"rendered":"<p>A t\u00f6rt\u00e9nelmi k\u00e9pek nemcsak \u00e1br\u00e1zolnak, hanem besz\u00e9lnek is \u2013 de csak akkor \u00e9rtj\u00fck a szavukat, ha ismerj\u00fck a kor k\u00f6r\u00fclm\u00e9nyeit, a h\u00e1tteret. Szil\u00e1gyi Kl\u00e1ra el\u0151ad\u00e1sa mesterien bizony\u00edtotta be, hogy a festm\u00e9nyek m\u00f6g\u00f6tti t\u00f6rt\u00e9nelmi \u00f6sszef\u00fcgg\u00e9sek felt\u00e1r\u00e1sa n\u00e9lk\u00fcl a szeml\u00e9l\u0151 elszalasztja a &hellip; <a href=\"http:\/\/artpagony.hu\/wordpress\/?p=5097\">Egy kattint\u00e1s ide a folytat\u00e1shoz&#8230;. <span class=\"meta-nav\">&rarr;<\/span><\/a><\/p>\n","protected":false},"author":3,"featured_media":0,"comment_status":"closed","ping_status":"closed","sticky":false,"template":"","format":"standard","meta":{"footnotes":""},"categories":[1],"tags":[435,12],"class_list":["post-5097","post","type-post","status-publish","format-standard","hentry","category-egyeb","tag-19-magyar-festeszet","tag-blog"],"_links":{"self":[{"href":"http:\/\/artpagony.hu\/wordpress\/index.php?rest_route=\/wp\/v2\/posts\/5097","targetHints":{"allow":["GET"]}}],"collection":[{"href":"http:\/\/artpagony.hu\/wordpress\/index.php?rest_route=\/wp\/v2\/posts"}],"about":[{"href":"http:\/\/artpagony.hu\/wordpress\/index.php?rest_route=\/wp\/v2\/types\/post"}],"author":[{"embeddable":true,"href":"http:\/\/artpagony.hu\/wordpress\/index.php?rest_route=\/wp\/v2\/users\/3"}],"replies":[{"embeddable":true,"href":"http:\/\/artpagony.hu\/wordpress\/index.php?rest_route=%2Fwp%2Fv2%2Fcomments&post=5097"}],"version-history":[{"count":2,"href":"http:\/\/artpagony.hu\/wordpress\/index.php?rest_route=\/wp\/v2\/posts\/5097\/revisions"}],"predecessor-version":[{"id":5099,"href":"http:\/\/artpagony.hu\/wordpress\/index.php?rest_route=\/wp\/v2\/posts\/5097\/revisions\/5099"}],"wp:attachment":[{"href":"http:\/\/artpagony.hu\/wordpress\/index.php?rest_route=%2Fwp%2Fv2%2Fmedia&parent=5097"}],"wp:term":[{"taxonomy":"category","embeddable":true,"href":"http:\/\/artpagony.hu\/wordpress\/index.php?rest_route=%2Fwp%2Fv2%2Fcategories&post=5097"},{"taxonomy":"post_tag","embeddable":true,"href":"http:\/\/artpagony.hu\/wordpress\/index.php?rest_route=%2Fwp%2Fv2%2Ftags&post=5097"}],"curies":[{"name":"wp","href":"https:\/\/api.w.org\/{rel}","templated":true}]}}